
{"id":45,"date":"2014-03-01T22:00:33","date_gmt":"2014-03-01T22:00:33","guid":{"rendered":"http:\/\/auto.consultaweb.org\/wordpress\/?p=45"},"modified":"2014-05-25T17:04:04","modified_gmt":"2014-05-25T17:04:04","slug":"reactivar-el-15m","status":"publish","type":"post","link":"https:\/\/auto.consultaweb.org\/wordpress\/?p=45","title":{"rendered":"\u00bfReactivar el 15M?"},"content":{"rendered":"<p style=\"color: #14062e;\" align=\"justify\"><a href=\"https:\/\/auto.consultaweb.org\/wordpress\/wp-content\/uploads\/2014\/03\/Sin-t\u00edtulo-1.jpg\"><img loading=\"lazy\" decoding=\"async\" class=\"alignnone size-medium wp-image-226\" src=\"https:\/\/auto.consultaweb.org\/wordpress\/wp-content\/uploads\/2014\/03\/Sin-t\u00edtulo-1-300x187.jpg\" alt=\"15M\" width=\"300\" height=\"187\" srcset=\"https:\/\/auto.consultaweb.org\/wordpress\/wp-content\/uploads\/2014\/03\/Sin-t\u00edtulo-1-300x187.jpg 300w, https:\/\/auto.consultaweb.org\/wordpress\/wp-content\/uploads\/2014\/03\/Sin-t\u00edtulo-1.jpg 320w\" sizes=\"auto, (max-width: 300px) 100vw, 300px\" \/><\/a><\/p>\n<p style=\"color: #14062e;\" align=\"justify\"><strong><em>\u00bfPodemos\u00a0<\/em><\/strong><strong><em>reactivar el 15M,\u00a0<\/em><\/strong><strong><em>e<\/em><\/strong><strong><em>ntend<\/em><\/strong><strong><em>iendo\u00a0<\/em><\/strong><strong><em>lo sucedido, rescata<\/em><\/strong><strong><em>ndo\u00a0<\/em><\/strong><strong><em>lo positivo\u00a0<\/em><\/strong><strong><em>para\u00a0\u00a0<\/em><\/strong><strong><em>proyectarlo\u00a0<\/em><\/strong><strong><em>en una nueva etapa a una escala a\u00fan mayor?<\/em><\/strong><\/p>\n<p style=\"color: #14062e;\" align=\"justify\"><strong>\u00bfQu\u00e9 ha pasado hasta ahora?\u00a0<\/strong>Comenzamos en Sol. No nos dejaron quedarnos all\u00ed y nos fuimos a las plazas. Nos pusieron problemas en las plazas y empezamos a proyectarnos sectorialmente y a construir alternativas. Luego surgieron las marchas, las mareas, las consultas, la movilizaci\u00f3n ciudadana&#8230; Ahora pretenden inmovilizarnos con una \u201cLey Mordaza\u201d, impedir que nos manifestemos, llevando adelante otra escalada de represi\u00f3n donde se profundiza la \u00abdemodictadura\u00bb disfrazada de democracia.<\/p>\n<p style=\"color: #14062e;\" align=\"justify\"><strong>Se ha producido una fractura social importante entre el sistema pol\u00edtico y la mayor\u00eda del pueblo.\u00a0<\/strong>Vemos c\u00f3mo la democracia no es real sino una burda pantomima en la cual no nos sentimos representados por nuestros pol\u00edticos o gobernantes, que defienden intereses opuestos a los de la mayor\u00eda de la poblaci\u00f3n. <!--moreLeer m\u00e1s-->Vemos c\u00f3mo se pisotean derechos (Sanidad, Vivienda, Educaci\u00f3n, etc.) que la Constituci\u00f3n declama como derechos fundamentales, pero que deber\u00eda garantizar. La situaci\u00f3n es de record mundial en cuanto al desempleo, mientras que la presi\u00f3n sobre quienes contin\u00faan teniendo trabajo avanza hacia una nueva forma de esclavitud con m\u00e1s horas, m\u00e1s precariedad y menos salario. La econom\u00eda y la empresa est\u00e1n perdiendo el punto de vista social para el bien com\u00fan y se est\u00e1n convirtiendo en instrumentos para el beneficio de unos pocos, en estructuras cada vez m\u00e1s antidemocr\u00e1ticas y que producen cada vez m\u00e1s desigualdad. Las instituciones p\u00fablicas tampoco dan ejemplo, en una situaci\u00f3n donde la Administraci\u00f3n no ofrece una m\u00ednima transparencia y cunde el despilfarro y la corrupci\u00f3n. Hay que decir alto y claro que \u00aben nuestras instituciones hay muchos delincuentes disfrazados de gente respetable\u00bb.\u00a0<strong>Pero ya se est\u00e1 comenzando a producir un \u00ab15M\u00bb en las instituciones con jueces, fiscales, militares, inspectores de hacienda, bomberos, polic\u00edas,\u00a0<\/strong>que denuncian las presiones e irregularidades y arbitrariedades de manera que se comience a poner a cada uno en su sitito. Animamos a que nadie sea c\u00f3mplice de los que est\u00e1n destruyendo los logros sociales conseguidos.<\/p>\n<p style=\"color: #14062e;\" align=\"justify\"><strong>Podemos Re-actualizar (\u00abReload\u00bb)<\/strong>. Evaluar, seguir construyendo alternativas y comenzar a dar voz al pueblo, a la ciudadan\u00eda. Queremos pasar a otra escala jam\u00e1s vista hasta ahora Podemos trabajar generando inteligencia colectiva en red. De manera horizontal, an\u00f3nima, con nuestro estilo 15M. y perfeccionando las herramientas de la acci\u00f3n pac\u00edfica y no-violenta. Nos fuimos de las acampadas a las plazas y los pueblos,\u00a0<strong>ahora\u00a0<\/strong><strong>estamos ocupando cada vez m\u00e1s\u00a0<\/strong><strong>la red.\u00a0<\/strong>Pero no abandonamos ninguna de las anteriores formas de lucha. Es un problema de estrategia, oportunidad y n\u00famero. Alg\u00fan d\u00eda puede que volvamos a hacer una acampada en Sol, pero ese d\u00eda seremos muchos miles acampando de forma pac\u00edfica en decenas de ciudades diferentes. Ser\u00e1 algo simb\u00f3lico, o no. \u00bfC\u00f3mo nos van a parar?<\/p>\n<p style=\"color: #14062e;\" align=\"justify\">En primer lugar\u00a0<strong>proponemos evaluar la experiencia\u00a0<\/strong>de estos tres a\u00f1os de 15M, sintetizar sus propuestas y tesis, visibilizar y hacer un mapa de lo que est\u00e1 vivo y funcionando, ver nuestro respaldo social gr\u00e1ficamente, los aciertos de los movimientos sociales en sus formas de lucha (Manifestaciones, Marchas, \u00abGrito mudo\u00bb , Mareas, Consultas ciudadanas, Par\u00f3n de la privatizaci\u00f3n de la sanidad, PAH, Gamonal, etc.)<\/p>\n<p style=\"color: #14062e;\" align=\"justify\">Pero tambi\u00e9n proponemos ver\u00a0<strong>lo que nos qued\u00f3 pendiente de hacer\u00a0<\/strong><strong>.\u00a0<\/strong>Comenzamos interactuando en las plazas llegando hasta unos pocos miles pero no avanzamos m\u00e1s . Avanzamos dispers\u00e1ndonos a pueblos y plazas , pero no creamos modos de coordinarnos eficazmente y ponernos de acuerdo. Necesitamos mecanismos sistematizados para aumentar el consenso, la inteligencia colectiva, y la transmisi\u00f3n de experiencia. Tal vez, a veces, perdimos la inspiraci\u00f3n original de la construcci\u00f3n conjunta, de los proyectos objetivos colectivos de futuro y quiz\u00e1s desatendimos las esperanzas de quienes las depositaron en nosotrxs.<\/p>\n<p style=\"color: #14062e;\" align=\"justify\">Necesitamos pasar a la\u00a0<strong>escala de millones de personas<\/strong>. Dijimos: \u00abVamos lentos porque vamos lejos\u00bb. Ahora queremos hacer posible que la voz de millones se exprese. Pero no una vez cada 4 a\u00f1os, sino cuando nosotrxs decidamos. Esto a los poderes no les interesa. Ellos tratan de acallar a la gente. Nosotrxs vamos a ayudar a dar la voz a la gente. El 15 de mayo de 2011 se expres\u00f3 mucho de lo que la gente estaba necesitando. All\u00ed se dijeron muchas verdades que algunxs no cre\u00edan. Nos llamaban exageradxs. Lo que hemos visto en estos 3 a\u00f1os ha demostrado que lo que el 15M denunci\u00f3 y reclam\u00f3 era totalmente cierto. A\u00fan m\u00e1s, la realidad ha superado aquello que, a los bien pensantes, les parec\u00eda ficci\u00f3n.<\/p>\n<p style=\"color: #14062e;\" align=\"justify\">De Sol se pas\u00f3 a las plazas, en las plazas se proyectaron acciones.\u00a0<strong>Se ti\u00f1\u00f3 con los valores y propuestas del 15M todo el campo psicosocial\u00a0<\/strong>en Espa\u00f1a y mas all\u00e1 de las fronteras. Ahora ha llegado el momento, adem\u00e1s de todo lo que se esta haciendo, de actuar a otra escala. Vamos a crear un mayor espacio en la red donde nos podamos juntar, intercambiar, generar e interactuar entre millones. Crear espacios de decisi\u00f3n donde aplicar una verdadera democracia, participando, deliberando y generando amplios consensos.\u00a0 Recordamos que el 81% de la poblaci\u00f3n espa\u00f1ola vio con simpat\u00eda las movilizaciones del 15M. Esto signific\u00f3 m\u00e1s de 30 millones.<\/p>\n<p style=\"color: #14062e;\" align=\"justify\"><strong>Queremos\u00a0<\/strong><strong>re-<\/strong><strong>conectar\u00a0<\/strong><strong>entre todos\u00a0<\/strong><strong>.\u00a0<\/strong><strong>Nos\u00a0<\/strong><strong>necesitamos.<\/strong><\/p>\n","protected":false},"excerpt":{"rendered":"<p>\u00bfPodemos\u00a0reactivar el 15M,\u00a0entendiendo\u00a0lo sucedido, rescatando\u00a0lo positivo\u00a0para\u00a0\u00a0proyectarlo\u00a0en una nueva etapa a una escala a\u00fan mayor? \u00bfQu\u00e9 ha pasado hasta ahora?\u00a0Comenzamos en Sol. No nos dejaron quedarnos all\u00ed y nos fuimos a las plazas. Nos pusieron problemas en las plazas y empezamos a proyectarnos sectorialmente y a construir alternativas. Luego surgieron las marchas, las mareas, las consultas, <a href='https:\/\/auto.consultaweb.org\/wordpress\/?p=45' class='excerpt-more'>[&#8230;]<\/a><\/p>\n","protected":false},"author":2,"featured_media":0,"comment_status":"open","ping_status":"closed","sticky":true,"template":"","format":"standard","meta":{"_jetpack_memberships_contains_paid_content":false,"footnotes":"","jetpack_publicize_message":"","jetpack_publicize_feature_enabled":true,"jetpack_social_post_already_shared":false,"jetpack_social_options":{"image_generator_settings":{"template":"highway","enabled":false},"version":2}},"categories":[3],"tags":[],"class_list":["post-45","post","type-post","status-publish","format-standard","hentry","category-reflexiones","category-3-id","post-seq-1","post-parity-odd","meta-position-corners","fix"],"jetpack_publicize_connections":[],"jetpack_featured_media_url":"","jetpack_sharing_enabled":true,"jetpack_shortlink":"https:\/\/wp.me\/p4G9U9-J","_links":{"self":[{"href":"https:\/\/auto.consultaweb.org\/wordpress\/index.php?rest_route=\/wp\/v2\/posts\/45","targetHints":{"allow":["GET"]}}],"collection":[{"href":"https:\/\/auto.consultaweb.org\/wordpress\/index.php?rest_route=\/wp\/v2\/posts"}],"about":[{"href":"https:\/\/auto.consultaweb.org\/wordpress\/index.php?rest_route=\/wp\/v2\/types\/post"}],"author":[{"embeddable":true,"href":"https:\/\/auto.consultaweb.org\/wordpress\/index.php?rest_route=\/wp\/v2\/users\/2"}],"replies":[{"embeddable":true,"href":"https:\/\/auto.consultaweb.org\/wordpress\/index.php?rest_route=%2Fwp%2Fv2%2Fcomments&post=45"}],"version-history":[{"count":4,"href":"https:\/\/auto.consultaweb.org\/wordpress\/index.php?rest_route=\/wp\/v2\/posts\/45\/revisions"}],"predecessor-version":[{"id":227,"href":"https:\/\/auto.consultaweb.org\/wordpress\/index.php?rest_route=\/wp\/v2\/posts\/45\/revisions\/227"}],"wp:attachment":[{"href":"https:\/\/auto.consultaweb.org\/wordpress\/index.php?rest_route=%2Fwp%2Fv2%2Fmedia&parent=45"}],"wp:term":[{"taxonomy":"category","embeddable":true,"href":"https:\/\/auto.consultaweb.org\/wordpress\/index.php?rest_route=%2Fwp%2Fv2%2Fcategories&post=45"},{"taxonomy":"post_tag","embeddable":true,"href":"https:\/\/auto.consultaweb.org\/wordpress\/index.php?rest_route=%2Fwp%2Fv2%2Ftags&post=45"}],"curies":[{"name":"wp","href":"https:\/\/api.w.org\/{rel}","templated":true}]}}